{"id":30812,"date":"2025-07-07T08:53:49","date_gmt":"2025-07-07T08:53:49","guid":{"rendered":"https:\/\/prosvjeta.at\/?p=30812"},"modified":"2025-07-07T08:53:49","modified_gmt":"2025-07-07T08:53:49","slug":"dodela-diploma-prosvjetinim-dacima-u-lincu-na-vidovdan","status":"publish","type":"post","link":"https:\/\/prosvjeta.at\/de\/dodela-diploma-prosvjetinim-dacima-u-lincu-na-vidovdan\/","title":{"rendered":"Zeugnisverleihung an die Sch\u00fcler:innen der Prosvjetas Sprachschule in Linz zum Vidovdan"},"content":{"rendered":"<p>Am Samstag, den 28. Juni, fand die Feier des bedeutenden Feiertags Vidovdan statt.\nDer Vidovdan z\u00e4hlt zu den wichtigsten Daten in der serbischen Geschichte und Kultur \u2013 er wird als Gedenktag an die Schlacht auf dem Amselfeld im Jahr 1389 begangen.\n\nAus diesem Anlass wurde im Tempel des Heiligen Vasilije Ostro\u0161ki in Linz ein kulturelles Programm veranstaltet, an dem die Kinder der Prosvjetas Sprachschule sowie die Schauspielerin Biljana \u0110urovi\u0107 teilnahmen.\n\nMit ihren Gedichten und Chordarbietungen begeisterten die Sch\u00fcler:innen das Publikum und sorgten f\u00fcr eine feierliche und herzliche Atmosph\u00e4re.\nIm Anschluss an das Programm wurden den Sch\u00fcler:innen feierlich ihre Diplome \u00fcberreicht.<\/p>\n<p>PR. Prosvjeta Linz, 06.07.2025<\/p>","protected":false},"excerpt":{"rendered":"<p>\u0423 \u0441\u0443\u0431\u043e\u0442\u0443, 28. \u0458\u0443\u043d\u0430 \u043e\u0434\u0440\u0436\u0430\u043d\u0430 \u0458\u0435 \u043f\u0440\u043e\u0441\u043b\u0430\u0432\u0430 \u0437\u043d\u0430\u0447\u0430\u0458\u043d\u043e\u0433 \u043f\u0440\u0430\u0437\u043d\u0438\u043a\u0430 \u0412\u0438\u0434\u043e\u0432\u0434\u0430\u043d\u0430. \u0412\u0438\u0434\u043e\u0432\u0434\u0430\u043d \u0458\u0435 \u0458\u0435\u0434\u0430\u043d \u043e\u0434 \u043d\u0430\u0458\u0437\u043d\u0430\u0447\u0430\u0458\u043d\u0438\u0458\u0438\u0445 \u0434\u0430\u0442\u0443\u043c\u0430 \u0443 \u0441\u0440\u043f\u0441\u043a\u043e\u0458 \u0438\u0441\u0442\u043e\u0440\u0438\u0458\u0438 \u0438 \u043a\u0443\u043b\u0442\u0443\u0440\u0438. \u041e\u0431\u0438\u0459\u0435\u0436\u0430\u0432\u0430 \u0441\u0435 \u043a\u0430\u043e \u0434\u0430\u043d \u0441\u0458\u0435\u045b\u0430\u045a\u0430 \u043d\u0430 \u041a\u043e\u0441\u043e\u0432\u0441\u043a\u0443 \u0431\u0438\u0442\u043a\u0443 1389. \u0433\u043e\u0434\u0438\u043d\u0435. \u0422\u0438\u043c \u043f\u043e\u0432\u043e\u0434\u043e\u043c \u0443 \u0425\u0440\u0430\u043c\u0443 \u201c\u0421\u0432\u0435\u0442\u043e\u0433 \u0412\u0430\u0441\u0438\u043b\u0438\u0458\u0430 \u041e\u0441\u0442\u0440\u043e\u0448\u043a\u043e\u0433\u201d \u0443 \u041b\u0438\u043d\u0446\u0443 \u043e\u0434\u0440\u0436\u0430\u043d \u0458\u0435 \u043a\u0443\u043b\u0442\u0443\u0440\u043d\u0438 \u043f\u0440\u043e\u0433\u0440\u0430\u043c \u0443 \u043a\u043e\u0458\u0435\u043c \u0441\u0443 \u0443\u0447\u0435\u0441\u0442\u0432\u043e\u0432\u0430\u043b\u0430 \u0434\u0458\u0435\u0446\u0430 \u041f\u0440\u043e\u0441\u0432\u0458\u0435\u0442\u0438\u043d\u0435 \u0448\u043a\u043e\u043b\u0435 \u0441\u0440\u043f\u0441\u043a\u043e\u0433 \u0458\u0435\u0437\u0438\u043a\u0430, \u043a\u0430\u043e \u0438&#8230;<\/p>","protected":false},"author":2,"featured_media":30813,"comment_status":"closed","ping_status":"closed","sticky":false,"template":"","format":"standard","meta":{"_acf_changed":false,"give_campaign_id":0,"pgc_sgb_lightbox_settings":"","footnotes":""},"categories":[516,497,489],"tags":[504,502,383],"class_list":["post-30812","post","type-post","status-publish","format-standard","has-post-thumbnail","hentry","category-arhiva-skole-za-2025-godinu","category-blog-skole-srpskog-jezika","category-489","tag-vidovdan","tag-linc","tag-prosvjetina-skola-srpskog-jezika","entry"],"acf":[],"cp_meta_data":{"_edit_lock":["1751878488:2"],"_edit_last":["2"],"_thumbnail_id":["30813"],"_wp_page_template":["default"],"_yoast_wpseo_primary_category":["516"],"_yoast_wpseo_content_score":["90"],"_yoast_wpseo_focuskeywords":["[]"],"_yoast_wpseo_keywordsynonyms":["[\"\"]"],"_yoast_wpseo_estimated-reading-time-minutes":["1"],"_yoast_indexnow_last_ping":["1751878431"],"_wpml_word_count":["209"],"_elementor_page_assets":["a:0:{}"]},"yoast_head":"<!-- This site is optimized with the Yoast SEO Premium plugin v22.9 (Yoast SEO v25.8) - https:\/\/yoast.com\/wordpress\/plugins\/seo\/ -->\n<title>\u0414\u043e\u0434\u0435\u043b\u0430 \u0434\u0438\u043f\u043b\u043e\u043c\u0430 \u041f\u0440\u043e\u0441\u0432\u0458\u0435\u0442\u0438\u043d\u0438\u043c \u0452\u0430\u0446\u0438\u043c\u0430 \u0443 \u041b\u0438\u043d\u0446\u0443 \u043d\u0430 \u0412\u0438\u0434\u043e\u0432\u0434\u0430\u043d - \u041f\u0440\u043e\u0441\u0432\u0458\u0435\u0442\u0430 \u0410\u0443\u0441\u0442\u0440\u0438\u0458\u0430<\/title>\n<meta name=\"robots\" content=\"index, follow, max-snippet:-1, max-image-preview:large, max-video-preview:-1\" \/>\n<link rel=\"canonical\" href=\"https:\/\/prosvjeta.at\/de\/dodela-diploma-prosvjetinim-dacima-u-lincu-na-vidovdan\/\" \/>\n<meta property=\"og:locale\" content=\"de_DE\" \/>\n<meta property=\"og:type\" content=\"article\" \/>\n<meta property=\"og:title\" content=\"\u0414\u043e\u0434\u0435\u043b\u0430 \u0434\u0438\u043f\u043b\u043e\u043c\u0430 \u041f\u0440\u043e\u0441\u0432\u0458\u0435\u0442\u0438\u043d\u0438\u043c \u0452\u0430\u0446\u0438\u043c\u0430 \u0443 \u041b\u0438\u043d\u0446\u0443 \u043d\u0430 \u0412\u0438\u0434\u043e\u0432\u0434\u0430\u043d - \u041f\u0440\u043e\u0441\u0432\u0458\u0435\u0442\u0430 \u0410\u0443\u0441\u0442\u0440\u0438\u0458\u0430\" \/>\n<meta property=\"og:description\" content=\"\u0423 \u0441\u0443\u0431\u043e\u0442\u0443, 28. \u0458\u0443\u043d\u0430 \u043e\u0434\u0440\u0436\u0430\u043d\u0430 \u0458\u0435 \u043f\u0440\u043e\u0441\u043b\u0430\u0432\u0430 \u0437\u043d\u0430\u0447\u0430\u0458\u043d\u043e\u0433 \u043f\u0440\u0430\u0437\u043d\u0438\u043a\u0430 \u0412\u0438\u0434\u043e\u0432\u0434\u0430\u043d\u0430. \u0412\u0438\u0434\u043e\u0432\u0434\u0430\u043d \u0458\u0435 \u0458\u0435\u0434\u0430\u043d \u043e\u0434 \u043d\u0430\u0458\u0437\u043d\u0430\u0447\u0430\u0458\u043d\u0438\u0458\u0438\u0445 \u0434\u0430\u0442\u0443\u043c\u0430 \u0443 \u0441\u0440\u043f\u0441\u043a\u043e\u0458 \u0438\u0441\u0442\u043e\u0440\u0438\u0458\u0438 \u0438 \u043a\u0443\u043b\u0442\u0443\u0440\u0438. \u041e\u0431\u0438\u0459\u0435\u0436\u0430\u0432\u0430 \u0441\u0435 \u043a\u0430\u043e \u0434\u0430\u043d \u0441\u0458\u0435\u045b\u0430\u045a\u0430 \u043d\u0430 \u041a\u043e\u0441\u043e\u0432\u0441\u043a\u0443 \u0431\u0438\u0442\u043a\u0443 1389. \u0433\u043e\u0434\u0438\u043d\u0435. \u0422\u0438\u043c \u043f\u043e\u0432\u043e\u0434\u043e\u043c \u0443 \u0425\u0440\u0430\u043c\u0443 \u201c\u0421\u0432\u0435\u0442\u043e\u0433 \u0412\u0430\u0441\u0438\u043b\u0438\u0458\u0430 \u041e\u0441\u0442\u0440\u043e\u0448\u043a\u043e\u0433\u201d \u0443 \u041b\u0438\u043d\u0446\u0443 \u043e\u0434\u0440\u0436\u0430\u043d \u0458\u0435 \u043a\u0443\u043b\u0442\u0443\u0440\u043d\u0438 \u043f\u0440\u043e\u0433\u0440\u0430\u043c \u0443 \u043a\u043e\u0458\u0435\u043c \u0441\u0443 \u0443\u0447\u0435\u0441\u0442\u0432\u043e\u0432\u0430\u043b\u0430 \u0434\u0458\u0435\u0446\u0430 \u041f\u0440\u043e\u0441\u0432\u0458\u0435\u0442\u0438\u043d\u0435 \u0448\u043a\u043e\u043b\u0435 \u0441\u0440\u043f\u0441\u043a\u043e\u0433 \u0458\u0435\u0437\u0438\u043a\u0430, \u043a\u0430\u043e \u0438...\" \/>\n<meta property=\"og:url\" content=\"https:\/\/prosvjeta.at\/de\/dodela-diploma-prosvjetinim-dacima-u-lincu-na-vidovdan\/\" \/>\n<meta property=\"og:site_name\" content=\"\u041f\u0440\u043e\u0441\u0432\u0458\u0435\u0442\u0430 \u0410\u0443\u0441\u0442\u0440\u0438\u0458\u0430\" \/>\n<meta property=\"article:publisher\" content=\"https:\/\/www.facebook.com\/SPKD.Prosvjeta.Austrija\" \/>\n<meta property=\"article:published_time\" content=\"2025-07-07T08:53:49+00:00\" \/>\n<meta property=\"og:image\" content=\"https:\/\/prosvjeta.at\/wp-content\/uploads\/2025\/07\/linz-vidovdan2025.webp\" \/>\n\t<meta property=\"og:image:width\" content=\"1600\" \/>\n\t<meta property=\"og:image:height\" content=\"1200\" \/>\n\t<meta property=\"og:image:type\" content=\"image\/webp\" \/>\n<meta name=\"author\" content=\"Srdjan\" \/>\n<meta name=\"twitter:card\" content=\"summary_large_image\" \/>\n<meta name=\"twitter:label1\" content=\"Verfasst von\" \/>\n\t<meta name=\"twitter:data1\" content=\"Srdjan\" \/>\n\t<meta name=\"twitter:label2\" content=\"Gesch\u00e4tzte Lesezeit\" \/>\n\t<meta name=\"twitter:data2\" content=\"1 Minute\" \/>\n<script type=\"application\/ld+json\" class=\"yoast-schema-graph\">{\"@context\":\"https:\/\/schema.org\",\"@graph\":[{\"@type\":\"Article\",\"@id\":\"https:\/\/prosvjeta.at\/dodela-diploma-prosvjetinim-dacima-u-lincu-na-vidovdan\/#article\",\"isPartOf\":{\"@id\":\"https:\/\/prosvjeta.at\/dodela-diploma-prosvjetinim-dacima-u-lincu-na-vidovdan\/\"},\"author\":{\"name\":\"Srdjan\",\"@id\":\"https:\/\/prosvjeta.at\/#\/schema\/person\/d0cdbcf3b4c89fd42051508ffb71f273\"},\"headline\":\"\u0414\u043e\u0434\u0435\u043b\u0430 \u0434\u0438\u043f\u043b\u043e\u043c\u0430 \u041f\u0440\u043e\u0441\u0432\u0458\u0435\u0442\u0438\u043d\u0438\u043c \u0452\u0430\u0446\u0438\u043c\u0430 \u0443 \u041b\u0438\u043d\u0446\u0443 \u043d\u0430 \u0412\u0438\u0434\u043e\u0432\u0434\u0430\u043d\",\"datePublished\":\"2025-07-07T08:53:49+00:00\",\"mainEntityOfPage\":{\"@id\":\"https:\/\/prosvjeta.at\/dodela-diploma-prosvjetinim-dacima-u-lincu-na-vidovdan\/\"},\"wordCount\":87,\"publisher\":{\"@id\":\"https:\/\/prosvjeta.at\/#organization\"},\"image\":{\"@id\":\"https:\/\/prosvjeta.at\/dodela-diploma-prosvjetinim-dacima-u-lincu-na-vidovdan\/#primaryimage\"},\"thumbnailUrl\":\"https:\/\/prosvjeta.at\/wp-content\/uploads\/2025\/07\/linz-vidovdan2025.webp\",\"keywords\":[\"\u0412\u0438\u0434\u043e\u0432\u0434\u0430\u043d\",\"\u041b\u0438\u043d\u0446\",\"\u041f\u0440\u043e\u0441\u0432\u0458\u0435\u0442\u0438\u043d\u0430 \u0448\u043a\u043e\u043b\u0430 \u0441\u0440\u043f\u0441\u043a\u043e\u0433 \u0458\u0435\u0437\u0438\u043a\u0430\"],\"articleSection\":[\"\u0410\u0440\u0445\u0438\u0432\u0430 \u0448\u043a\u043e\u043b\u0435 \u0437\u0430 2025. \u0433\u043e\u0434\u0438\u043d\u0443\",\"\u0411\u043b\u043e\u0433 \u0428\u043a\u043e\u043b\u0435 \u0441\u0440\u043f\u0441\u043a\u043e\u0433 \u0458\u0435\u0437\u0438\u043a\u0430\",\"\u0428\u043a\u043e\u043b\u0430 \u0441\u0440\u043f\u0441\u043a\u043e\u0433 \u0458\u0435\u0437\u0438\u043a\u0430\"],\"inLanguage\":\"de-AT\"},{\"@type\":\"WebPage\",\"@id\":\"https:\/\/prosvjeta.at\/dodela-diploma-prosvjetinim-dacima-u-lincu-na-vidovdan\/\",\"url\":\"https:\/\/prosvjeta.at\/dodela-diploma-prosvjetinim-dacima-u-lincu-na-vidovdan\/\",\"name\":\"\u0414\u043e\u0434\u0435\u043b\u0430 \u0434\u0438\u043f\u043b\u043e\u043c\u0430 \u041f\u0440\u043e\u0441\u0432\u0458\u0435\u0442\u0438\u043d\u0438\u043c \u0452\u0430\u0446\u0438\u043c\u0430 \u0443 \u041b\u0438\u043d\u0446\u0443 \u043d\u0430 \u0412\u0438\u0434\u043e\u0432\u0434\u0430\u043d - \u041f\u0440\u043e\u0441\u0432\u0458\u0435\u0442\u0430 \u0410\u0443\u0441\u0442\u0440\u0438\u0458\u0430\",\"isPartOf\":{\"@id\":\"https:\/\/prosvjeta.at\/#website\"},\"primaryImageOfPage\":{\"@id\":\"https:\/\/prosvjeta.at\/dodela-diploma-prosvjetinim-dacima-u-lincu-na-vidovdan\/#primaryimage\"},\"image\":{\"@id\":\"https:\/\/prosvjeta.at\/dodela-diploma-prosvjetinim-dacima-u-lincu-na-vidovdan\/#primaryimage\"},\"thumbnailUrl\":\"https:\/\/prosvjeta.at\/wp-content\/uploads\/2025\/07\/linz-vidovdan2025.webp\",\"datePublished\":\"2025-07-07T08:53:49+00:00\",\"inLanguage\":\"de-AT\",\"potentialAction\":[{\"@type\":\"ReadAction\",\"target\":[\"https:\/\/prosvjeta.at\/dodela-diploma-prosvjetinim-dacima-u-lincu-na-vidovdan\/\"]}]},{\"@type\":\"ImageObject\",\"inLanguage\":\"de-AT\",\"@id\":\"https:\/\/prosvjeta.at\/dodela-diploma-prosvjetinim-dacima-u-lincu-na-vidovdan\/#primaryimage\",\"url\":\"https:\/\/prosvjeta.at\/wp-content\/uploads\/2025\/07\/linz-vidovdan2025.webp\",\"contentUrl\":\"https:\/\/prosvjeta.at\/wp-content\/uploads\/2025\/07\/linz-vidovdan2025.webp\",\"width\":1600,\"height\":1200,\"caption\":\"\u0414\u043e\u0434\u0435\u043b\u0430 \u0434\u0438\u043f\u043b\u043e\u043c\u0430 \u0443 \u041b\u0438\u043d\u0446\u0443 \u043d\u0430 \u0412\u0438\u0434\u043e\u0432\u0434\u0430\u043d 2025\"},{\"@type\":\"WebSite\",\"@id\":\"https:\/\/prosvjeta.at\/#website\",\"url\":\"https:\/\/prosvjeta.at\/\",\"name\":\"\u041f\u0440\u043e\u0441\u0432\u0458\u0435\u0442\u0430 \u0410\u0443\u0441\u0442\u0440\u0438\u0458\u0430\",\"description\":\"\u0421\u0440\u043f\u0441\u043a\u043e \u041f\u0440\u043e\u0441\u0432\u0458\u0435\u0442\u043d\u043e \u0438 \u041a\u0443\u043b\u0442\u0443\u0440\u043d\u043e \u0414\u0440\u0443\u0448\u0442\u0432\u043e\",\"publisher\":{\"@id\":\"https:\/\/prosvjeta.at\/#organization\"},\"potentialAction\":[{\"@type\":\"SearchAction\",\"target\":{\"@type\":\"EntryPoint\",\"urlTemplate\":\"https:\/\/prosvjeta.at\/?s={search_term_string}\"},\"query-input\":{\"@type\":\"PropertyValueSpecification\",\"valueRequired\":true,\"valueName\":\"search_term_string\"}}],\"inLanguage\":\"de-AT\"},{\"@type\":\"Organization\",\"@id\":\"https:\/\/prosvjeta.at\/#organization\",\"name\":\"\u0421\u041f\u041a\u0414 \u041f\u0440\u043e\u0441\u0432\u0458\u0435\u0442\u0430 \u0410\u0443\u0441\u0442\u0440\u0438\u0458\u0430\",\"url\":\"https:\/\/prosvjeta.at\/\",\"logo\":{\"@type\":\"ImageObject\",\"inLanguage\":\"de-AT\",\"@id\":\"https:\/\/prosvjeta.at\/#\/schema\/logo\/image\/\",\"url\":\"https:\/\/prosvjeta.at\/wp-content\/uploads\/2021\/09\/favicon.png\",\"contentUrl\":\"https:\/\/prosvjeta.at\/wp-content\/uploads\/2021\/09\/favicon.png\",\"width\":512,\"height\":512,\"caption\":\"\u0421\u041f\u041a\u0414 \u041f\u0440\u043e\u0441\u0432\u0458\u0435\u0442\u0430 \u0410\u0443\u0441\u0442\u0440\u0438\u0458\u0430\"},\"image\":{\"@id\":\"https:\/\/prosvjeta.at\/#\/schema\/logo\/image\/\"},\"sameAs\":[\"https:\/\/www.facebook.com\/SPKD.Prosvjeta.Austrija\",\"https:\/\/www.youtube.com\/channel\/UC7nK3-X_nrsWRmXM_U_9-sg\"]},{\"@type\":\"Person\",\"@id\":\"https:\/\/prosvjeta.at\/#\/schema\/person\/d0cdbcf3b4c89fd42051508ffb71f273\",\"name\":\"Srdjan\",\"image\":{\"@type\":\"ImageObject\",\"inLanguage\":\"de-AT\",\"@id\":\"https:\/\/prosvjeta.at\/#\/schema\/person\/image\/\",\"url\":\"https:\/\/secure.gravatar.com\/avatar\/4d4387e28f0f0c202ffd6d56038ee69dc06de543233608d6e32d8b4ec3877e5d?s=96&d=mm&r=g\",\"contentUrl\":\"https:\/\/secure.gravatar.com\/avatar\/4d4387e28f0f0c202ffd6d56038ee69dc06de543233608d6e32d8b4ec3877e5d?s=96&d=mm&r=g\",\"caption\":\"Srdjan\"},\"url\":\"https:\/\/prosvjeta.at\/de\/author\/srdjan\/\"}]}<\/script>\n<!-- \/ Yoast SEO Premium plugin. -->","yoast_head_json":{"title":"\u0414\u043e\u0434\u0435\u043b\u0430 \u0434\u0438\u043f\u043b\u043e\u043c\u0430 \u041f\u0440\u043e\u0441\u0432\u0458\u0435\u0442\u0438\u043d\u0438\u043c \u0452\u0430\u0446\u0438\u043c\u0430 \u0443 \u041b\u0438\u043d\u0446\u0443 \u043d\u0430 \u0412\u0438\u0434\u043e\u0432\u0434\u0430\u043d - \u041f\u0440\u043e\u0441\u0432\u0458\u0435\u0442\u0430 \u0410\u0443\u0441\u0442\u0440\u0438\u0458\u0430","robots":{"index":"index","follow":"follow","max-snippet":"max-snippet:-1","max-image-preview":"max-image-preview:large","max-video-preview":"max-video-preview:-1"},"canonical":"https:\/\/prosvjeta.at\/de\/dodela-diploma-prosvjetinim-dacima-u-lincu-na-vidovdan\/","og_locale":"de_DE","og_type":"article","og_title":"\u0414\u043e\u0434\u0435\u043b\u0430 \u0434\u0438\u043f\u043b\u043e\u043c\u0430 \u041f\u0440\u043e\u0441\u0432\u0458\u0435\u0442\u0438\u043d\u0438\u043c \u0452\u0430\u0446\u0438\u043c\u0430 \u0443 \u041b\u0438\u043d\u0446\u0443 \u043d\u0430 \u0412\u0438\u0434\u043e\u0432\u0434\u0430\u043d - \u041f\u0440\u043e\u0441\u0432\u0458\u0435\u0442\u0430 \u0410\u0443\u0441\u0442\u0440\u0438\u0458\u0430","og_description":"\u0423 \u0441\u0443\u0431\u043e\u0442\u0443, 28. \u0458\u0443\u043d\u0430 \u043e\u0434\u0440\u0436\u0430\u043d\u0430 \u0458\u0435 \u043f\u0440\u043e\u0441\u043b\u0430\u0432\u0430 \u0437\u043d\u0430\u0447\u0430\u0458\u043d\u043e\u0433 \u043f\u0440\u0430\u0437\u043d\u0438\u043a\u0430 \u0412\u0438\u0434\u043e\u0432\u0434\u0430\u043d\u0430. \u0412\u0438\u0434\u043e\u0432\u0434\u0430\u043d \u0458\u0435 \u0458\u0435\u0434\u0430\u043d \u043e\u0434 \u043d\u0430\u0458\u0437\u043d\u0430\u0447\u0430\u0458\u043d\u0438\u0458\u0438\u0445 \u0434\u0430\u0442\u0443\u043c\u0430 \u0443 \u0441\u0440\u043f\u0441\u043a\u043e\u0458 \u0438\u0441\u0442\u043e\u0440\u0438\u0458\u0438 \u0438 \u043a\u0443\u043b\u0442\u0443\u0440\u0438. \u041e\u0431\u0438\u0459\u0435\u0436\u0430\u0432\u0430 \u0441\u0435 \u043a\u0430\u043e \u0434\u0430\u043d \u0441\u0458\u0435\u045b\u0430\u045a\u0430 \u043d\u0430 \u041a\u043e\u0441\u043e\u0432\u0441\u043a\u0443 \u0431\u0438\u0442\u043a\u0443 1389. \u0433\u043e\u0434\u0438\u043d\u0435. \u0422\u0438\u043c \u043f\u043e\u0432\u043e\u0434\u043e\u043c \u0443 \u0425\u0440\u0430\u043c\u0443 \u201c\u0421\u0432\u0435\u0442\u043e\u0433 \u0412\u0430\u0441\u0438\u043b\u0438\u0458\u0430 \u041e\u0441\u0442\u0440\u043e\u0448\u043a\u043e\u0433\u201d \u0443 \u041b\u0438\u043d\u0446\u0443 \u043e\u0434\u0440\u0436\u0430\u043d \u0458\u0435 \u043a\u0443\u043b\u0442\u0443\u0440\u043d\u0438 \u043f\u0440\u043e\u0433\u0440\u0430\u043c \u0443 \u043a\u043e\u0458\u0435\u043c \u0441\u0443 \u0443\u0447\u0435\u0441\u0442\u0432\u043e\u0432\u0430\u043b\u0430 \u0434\u0458\u0435\u0446\u0430 \u041f\u0440\u043e\u0441\u0432\u0458\u0435\u0442\u0438\u043d\u0435 \u0448\u043a\u043e\u043b\u0435 \u0441\u0440\u043f\u0441\u043a\u043e\u0433 \u0458\u0435\u0437\u0438\u043a\u0430, \u043a\u0430\u043e \u0438...","og_url":"https:\/\/prosvjeta.at\/de\/dodela-diploma-prosvjetinim-dacima-u-lincu-na-vidovdan\/","og_site_name":"\u041f\u0440\u043e\u0441\u0432\u0458\u0435\u0442\u0430 \u0410\u0443\u0441\u0442\u0440\u0438\u0458\u0430","article_publisher":"https:\/\/www.facebook.com\/SPKD.Prosvjeta.Austrija","article_published_time":"2025-07-07T08:53:49+00:00","og_image":[{"width":1600,"height":1200,"url":"https:\/\/prosvjeta.at\/wp-content\/uploads\/2025\/07\/linz-vidovdan2025.webp","type":"image\/webp"}],"author":"Srdjan","twitter_card":"summary_large_image","twitter_misc":{"Verfasst von":"Srdjan","Gesch\u00e4tzte Lesezeit":"1 Minute"},"schema":{"@context":"https:\/\/schema.org","@graph":[{"@type":"Article","@id":"https:\/\/prosvjeta.at\/dodela-diploma-prosvjetinim-dacima-u-lincu-na-vidovdan\/#article","isPartOf":{"@id":"https:\/\/prosvjeta.at\/dodela-diploma-prosvjetinim-dacima-u-lincu-na-vidovdan\/"},"author":{"name":"Srdjan","@id":"https:\/\/prosvjeta.at\/#\/schema\/person\/d0cdbcf3b4c89fd42051508ffb71f273"},"headline":"\u0414\u043e\u0434\u0435\u043b\u0430 \u0434\u0438\u043f\u043b\u043e\u043c\u0430 \u041f\u0440\u043e\u0441\u0432\u0458\u0435\u0442\u0438\u043d\u0438\u043c \u0452\u0430\u0446\u0438\u043c\u0430 \u0443 \u041b\u0438\u043d\u0446\u0443 \u043d\u0430 \u0412\u0438\u0434\u043e\u0432\u0434\u0430\u043d","datePublished":"2025-07-07T08:53:49+00:00","mainEntityOfPage":{"@id":"https:\/\/prosvjeta.at\/dodela-diploma-prosvjetinim-dacima-u-lincu-na-vidovdan\/"},"wordCount":87,"publisher":{"@id":"https:\/\/prosvjeta.at\/#organization"},"image":{"@id":"https:\/\/prosvjeta.at\/dodela-diploma-prosvjetinim-dacima-u-lincu-na-vidovdan\/#primaryimage"},"thumbnailUrl":"https:\/\/prosvjeta.at\/wp-content\/uploads\/2025\/07\/linz-vidovdan2025.webp","keywords":["\u0412\u0438\u0434\u043e\u0432\u0434\u0430\u043d","\u041b\u0438\u043d\u0446","\u041f\u0440\u043e\u0441\u0432\u0458\u0435\u0442\u0438\u043d\u0430 \u0448\u043a\u043e\u043b\u0430 \u0441\u0440\u043f\u0441\u043a\u043e\u0433 \u0458\u0435\u0437\u0438\u043a\u0430"],"articleSection":["\u0410\u0440\u0445\u0438\u0432\u0430 \u0448\u043a\u043e\u043b\u0435 \u0437\u0430 2025. \u0433\u043e\u0434\u0438\u043d\u0443","\u0411\u043b\u043e\u0433 \u0428\u043a\u043e\u043b\u0435 \u0441\u0440\u043f\u0441\u043a\u043e\u0433 \u0458\u0435\u0437\u0438\u043a\u0430","\u0428\u043a\u043e\u043b\u0430 \u0441\u0440\u043f\u0441\u043a\u043e\u0433 \u0458\u0435\u0437\u0438\u043a\u0430"],"inLanguage":"de-AT"},{"@type":"WebPage","@id":"https:\/\/prosvjeta.at\/dodela-diploma-prosvjetinim-dacima-u-lincu-na-vidovdan\/","url":"https:\/\/prosvjeta.at\/dodela-diploma-prosvjetinim-dacima-u-lincu-na-vidovdan\/","name":"\u0414\u043e\u0434\u0435\u043b\u0430 \u0434\u0438\u043f\u043b\u043e\u043c\u0430 \u041f\u0440\u043e\u0441\u0432\u0458\u0435\u0442\u0438\u043d\u0438\u043c \u0452\u0430\u0446\u0438\u043c\u0430 \u0443 \u041b\u0438\u043d\u0446\u0443 \u043d\u0430 \u0412\u0438\u0434\u043e\u0432\u0434\u0430\u043d - \u041f\u0440\u043e\u0441\u0432\u0458\u0435\u0442\u0430 \u0410\u0443\u0441\u0442\u0440\u0438\u0458\u0430","isPartOf":{"@id":"https:\/\/prosvjeta.at\/#website"},"primaryImageOfPage":{"@id":"https:\/\/prosvjeta.at\/dodela-diploma-prosvjetinim-dacima-u-lincu-na-vidovdan\/#primaryimage"},"image":{"@id":"https:\/\/prosvjeta.at\/dodela-diploma-prosvjetinim-dacima-u-lincu-na-vidovdan\/#primaryimage"},"thumbnailUrl":"https:\/\/prosvjeta.at\/wp-content\/uploads\/2025\/07\/linz-vidovdan2025.webp","datePublished":"2025-07-07T08:53:49+00:00","inLanguage":"de-AT","potentialAction":[{"@type":"ReadAction","target":["https:\/\/prosvjeta.at\/dodela-diploma-prosvjetinim-dacima-u-lincu-na-vidovdan\/"]}]},{"@type":"ImageObject","inLanguage":"de-AT","@id":"https:\/\/prosvjeta.at\/dodela-diploma-prosvjetinim-dacima-u-lincu-na-vidovdan\/#primaryimage","url":"https:\/\/prosvjeta.at\/wp-content\/uploads\/2025\/07\/linz-vidovdan2025.webp","contentUrl":"https:\/\/prosvjeta.at\/wp-content\/uploads\/2025\/07\/linz-vidovdan2025.webp","width":1600,"height":1200,"caption":"\u0414\u043e\u0434\u0435\u043b\u0430 \u0434\u0438\u043f\u043b\u043e\u043c\u0430 \u0443 \u041b\u0438\u043d\u0446\u0443 \u043d\u0430 \u0412\u0438\u0434\u043e\u0432\u0434\u0430\u043d 2025"},{"@type":"WebSite","@id":"https:\/\/prosvjeta.at\/#website","url":"https:\/\/prosvjeta.at\/","name":"Prosvjeta \u00d6sterreich","description":"\u0421\u0440\u043f\u0441\u043a\u043e \u041f\u0440\u043e\u0441\u0432\u0458\u0435\u0442\u043d\u043e \u0438 \u041a\u0443\u043b\u0442\u0443\u0440\u043d\u043e \u0414\u0440\u0443\u0448\u0442\u0432\u043e","publisher":{"@id":"https:\/\/prosvjeta.at\/#organization"},"potentialAction":[{"@type":"SearchAction","target":{"@type":"EntryPoint","urlTemplate":"https:\/\/prosvjeta.at\/?s={search_term_string}"},"query-input":{"@type":"PropertyValueSpecification","valueRequired":true,"valueName":"search_term_string"}}],"inLanguage":"de-AT"},{"@type":"Organization","@id":"https:\/\/prosvjeta.at\/#organization","name":"SBK Prosvjeta \u00d6sterreich","url":"https:\/\/prosvjeta.at\/","logo":{"@type":"ImageObject","inLanguage":"de-AT","@id":"https:\/\/prosvjeta.at\/#\/schema\/logo\/image\/","url":"https:\/\/prosvjeta.at\/wp-content\/uploads\/2021\/09\/favicon.png","contentUrl":"https:\/\/prosvjeta.at\/wp-content\/uploads\/2021\/09\/favicon.png","width":512,"height":512,"caption":"\u0421\u041f\u041a\u0414 \u041f\u0440\u043e\u0441\u0432\u0458\u0435\u0442\u0430 \u0410\u0443\u0441\u0442\u0440\u0438\u0458\u0430"},"image":{"@id":"https:\/\/prosvjeta.at\/#\/schema\/logo\/image\/"},"sameAs":["https:\/\/www.facebook.com\/SPKD.Prosvjeta.Austrija","https:\/\/www.youtube.com\/channel\/UC7nK3-X_nrsWRmXM_U_9-sg"]},{"@type":"Person","@id":"https:\/\/prosvjeta.at\/#\/schema\/person\/d0cdbcf3b4c89fd42051508ffb71f273","name":"Srdjan","image":{"@type":"ImageObject","inLanguage":"de-AT","@id":"https:\/\/prosvjeta.at\/#\/schema\/person\/image\/","url":"https:\/\/secure.gravatar.com\/avatar\/4d4387e28f0f0c202ffd6d56038ee69dc06de543233608d6e32d8b4ec3877e5d?s=96&d=mm&r=g","contentUrl":"https:\/\/secure.gravatar.com\/avatar\/4d4387e28f0f0c202ffd6d56038ee69dc06de543233608d6e32d8b4ec3877e5d?s=96&d=mm&r=g","caption":"Srdjan"},"url":"https:\/\/prosvjeta.at\/de\/author\/srdjan\/"}]}},"_links":{"self":[{"href":"https:\/\/prosvjeta.at\/de\/wp-json\/wp\/v2\/posts\/30812","targetHints":{"allow":["GET"]}}],"collection":[{"href":"https:\/\/prosvjeta.at\/de\/wp-json\/wp\/v2\/posts"}],"about":[{"href":"https:\/\/prosvjeta.at\/de\/wp-json\/wp\/v2\/types\/post"}],"author":[{"embeddable":true,"href":"https:\/\/prosvjeta.at\/de\/wp-json\/wp\/v2\/users\/2"}],"replies":[{"embeddable":true,"href":"https:\/\/prosvjeta.at\/de\/wp-json\/wp\/v2\/comments?post=30812"}],"version-history":[{"count":1,"href":"https:\/\/prosvjeta.at\/de\/wp-json\/wp\/v2\/posts\/30812\/revisions"}],"predecessor-version":[{"id":30814,"href":"https:\/\/prosvjeta.at\/de\/wp-json\/wp\/v2\/posts\/30812\/revisions\/30814"}],"wp:featuredmedia":[{"embeddable":true,"href":"https:\/\/prosvjeta.at\/de\/wp-json\/wp\/v2\/media\/30813"}],"wp:attachment":[{"href":"https:\/\/prosvjeta.at\/de\/wp-json\/wp\/v2\/media?parent=30812"}],"wp:term":[{"taxonomy":"category","embeddable":true,"href":"https:\/\/prosvjeta.at\/de\/wp-json\/wp\/v2\/categories?post=30812"},{"taxonomy":"post_tag","embeddable":true,"href":"https:\/\/prosvjeta.at\/de\/wp-json\/wp\/v2\/tags?post=30812"}],"curies":[{"name":"wp","href":"https:\/\/api.w.org\/{rel}","templated":true}]}}