{"id":15111,"date":"2014-12-01T20:05:00","date_gmt":"2014-12-01T20:05:00","guid":{"rendered":"https:\/\/nov-sajt.prosvjeta.at\/srbi-iz-austrije-nismo-dzihadisti\/"},"modified":"2024-11-10T11:30:11","modified_gmt":"2024-11-10T11:30:11","slug":"decembar-srbi-iz-austrije-nismo-dzihadisti","status":"publish","type":"post","link":"https:\/\/prosvjeta.at\/de\/decembar-srbi-iz-austrije-nismo-dzihadisti\/","title":{"rendered":"\u0414\u0435\u0446\u0435\u043c\u0431\u0430\u0440 &#8211; \u0421\u0440\u0431\u0438 \u0438\u0437 \u0410\u0443\u0441\u0442\u0440\u0438\u0458\u0435: \u041d\u0438\u0441\u043c\u043e \u045f\u0438\u0445\u0430\u0434\u0438\u0441\u0442\u0438!"},"content":{"rendered":"<p>\u0421\u0440\u043f\u0441\u043a\u043e \u043f\u0440\u043e\u0441\u0432\u0458\u0435\u0442\u043d\u043e \u0438 \u043a\u0443\u043b\u0442\u0443\u0440\u043d\u043e \u0434\u0440\u0443\u0448\u0442\u0432\u043e &#8220;\u041f\u0440\u043e\u0441\u0432\u0458\u0435\u0442\u0430&#8221; \u0440\u0435\u0430\u0433\u043e\u0432\u0430\u043b\u043e \u0458\u0435 \u043d\u0430 \u043f\u0438\u0441\u0430\u045a\u0435 \u0430\u0443\u0441\u0442\u0440\u0438\u0458\u0441\u043a\u0438\u0445 \u043c\u0435\u0434\u0438\u0458\u0430 \u043f\u0440\u043e\u0442\u0435\u043a\u043b\u0438\u0445 \u0434\u0430\u043d\u0430 \u043f\u043e\u0432\u043e\u0434\u043e\u043c \u0445\u0430\u043f\u0448\u0435\u045a\u0430 \u045f\u0438\u0445\u0430\u0434\u0438\u0441\u0442\u0430 \u043a\u043e\u0458\u0438 \u0441\u0443 \u0442\u0432\u0440\u0434\u0438\u043b\u0438 \u0434\u0430 \u0458\u0435 \u041c\u0438\u0440\u0441\u0430\u0434 \u041e\u043c\u0435\u0440\u043e\u0432\u0438\u045b \u0421\u0440\u0431\u0438\u043d. \u0423 \u0434\u043e\u043f\u0438\u0441\u0443 \u0434\u043e\u0441\u0442\u0430\u0432\u0459\u0435\u043d\u043e\u043c \u0430\u0443\u0441\u0442\u0440\u0438\u0458\u0441\u043a\u0438\u043c \u043c\u0435\u0434\u0438\u0458\u0438\u043c\u0430 &#8220;\u041f\u0440\u043e\u0441\u0432\u0458\u0435\u0442\u0430&#8221; \u0458\u0435 \u0437\u0430\u0442\u0440\u0430\u0436\u0438\u043b\u0430 \u0437\u0430 \u0438\u0441\u043f\u0440\u0430\u0432\u043a\u0443 \u043f\u043e\u0433\u0440\u0435\u0448\u043d\u0435 \u0442\u0432\u0440\u0434\u045a\u0435 \u0434\u0430 \u0458\u0435 \u041c\u0438\u0440\u0441\u0430\u0434 \u041e\u043c\u0435\u0440\u043e\u0432\u0438\u045b \u0421\u0440\u0431\u0438\u043d.<\/p>\n\n\n\n<p>&#8220;\u041c\u043e\u043b\u0438\u043c\u043e \u0432\u0430\u0441 \u0437\u0430 \u0438\u0441\u043f\u0440\u0430\u0432\u043a\u0443 \u043f\u043e\u0433\u0440\u0435\u0448\u043d\u0435 \u0442\u0432\u0440\u0434\u045a\u0435 \u0434\u0430 \u0458\u0435 \u041c\u0438\u0440\u0441\u0430\u0434 \u0421\u0440\u0431\u0438\u043d. \u0422\u0440\u0435\u0431\u0430\u043b\u043e \u0431\u0438 \u0443 \u043e\u0432\u043e\u043c \u0441\u043b\u0443\u0447\u0430\u0458\u0443 \u043f\u0440\u0430\u0432\u0438\u0442\u0438 \u0440\u0430\u0437\u043b\u0438\u043a\u0443 \u0438\u0437\u043c\u0435\u0452\u0443 \u0434\u0440\u0436\u0430\u0432\u0459\u0430\u043d\u0441\u0442\u0432\u0430 \u0438 \u0435\u0442\u043d\u0438\u0447\u043a\u0435 \u043f\u0440\u0438\u043f\u0430\u0434\u043d\u043e\u0441\u0442\u0438&#8221;, \u043f\u043e\u0440\u0443\u0447\u0443\u0458\u0435 \u041f\u0440\u043e\u0441\u0432\u0458\u0435\u0442\u0430 \u0443 \u0434\u043e\u043f\u0438\u0441\u0443 \u0434\u043e\u0441\u0442\u0430\u0432\u0459\u0435\u043d\u043e\u043c \u0430\u0443\u0441\u0442\u0440\u0438\u0458\u0441\u043a\u0438\u043c \u043c\u0435\u0434\u0438\u0458\u0438\u043c\u0430.<\/p>\n\n\n\n<p>&#8220;\u0418\u0437\u0432\u0435\u0448\u0442\u0430\u0432\u0430\u045a\u0435 \u0441\u0430 \u0411\u0430\u043b\u043a\u0430\u043d\u0430 \u0458\u0435 \u043f\u0440\u0435\u0442\u0445\u043e\u0434\u043d\u0435 23 \u0433\u043e\u0434\u0438\u043d\u0435, \u0438\u0437 \u0434\u043e\u0431\u0440\u043e\u0433 \u0440\u0430\u0437\u043b\u043e\u0433\u0430, \u0443\u0432\u0435\u043a \u0431\u0438\u043b\u043e \u0443\u0437 \u043d\u0430\u0437\u043d\u0430\u043a\u0443 \u0435\u0442\u043d\u0438\u0447\u043a\u0435 \u043f\u0440\u0438\u043f\u0430\u0434\u043d\u043e\u0441\u0442\u0438. \u0422\u0430\u043a\u043e \u0441\u0443 \u0434\u043e \u0441\u0430\u0434\u0430 \u0443 \u0441\u0432\u0438\u043c \u0441\u043b\u0443\u0447\u0430\u0458\u0435\u0432\u0438\u043c\u0430, \u0443 \u043a\u043e\u0458\u0438\u043c\u0430 \u0441\u0443 \u0421\u0440\u0431\u0438 \u0431\u0438\u043b\u0438 &#8216;\u043b\u043e\u0448\u0438&#8217;, \u0434\u0435\u0442\u0430\u0459\u043d\u043e \u043f\u0440\u0430\u0432\u0459\u0435\u043d\u0430 \u0440\u0430\u0437\u043b\u0438\u043a\u0430 \u0438\u0437\u043c\u0435\u0452\u0443 \u045a\u0438\u0445\u043e\u0432\u043e\u0433 \u0445\u0440\u0432\u0430\u0442\u0441\u043a\u043e\u0433 \u0438\u043b\u0438 \u0431\u043e\u0441\u0430\u043d\u0441\u043a\u043e\u0433 \u0434\u0440\u0436\u0430\u0432\u0459\u0430\u043d\u0441\u0442\u0432\u0430 \u0438 \u0435\u0442\u043d\u0438\u0447\u043a\u0435 \u043f\u0440\u0438\u043f\u0430\u0434\u043d\u043e\u0441\u0442\u0438, \u041d\u0438\u043a\u0430\u0434\u0430 \u043d\u0438\u0458\u0435 \u0431\u0438\u043b\u043e \u0440\u0435\u0447\u0438 \u043e \u0411\u043e\u0441\u0430\u043d\u0446\u0443 \u0420\u0430\u0442\u043a\u0443 \u041c\u043b\u0430\u0434\u0438\u045b\u0443 \u0438 \u0412\u043e\u0458\u0438\u0441\u043b\u0430\u0432\u0443 \u0428\u0435\u0448\u0435\u0459\u0443 \u0438\u043b\u0438 \u0426\u0440\u043d\u043e\u0433\u043e\u0440\u0446\u0443 \u0420\u0430\u0434\u043e\u0432\u0430\u043d\u0443 \u041a\u0430\u0440\u0430\u045f\u0438\u045b\u0443&#8221;, \u0443\u043a\u0430\u0437\u0443\u0458\u0435 \u041f\u0440\u043e\u0441\u0432\u0458\u0435\u0442\u0430 \u0434\u043e\u0434\u0430\u0458\u0443\u045b\u0438 \u0434\u0430 \u0438\u043c\u0430 \u0441\u043c\u0438\u0441\u043b\u0430 \u0443 \u043c\u043d\u043e\u0433\u0438\u043c \u043c\u0435\u0441\u0442\u0438\u043c\u0430 \u0441\u0432\u0435\u0442\u0430 \u0443\u043a\u0430\u0437\u0438\u0432\u0430\u0442\u0438 \u043d\u0430 \u0435\u0442\u043d\u0438\u0447\u043a\u0443 \u043f\u0440\u0438\u043f\u0430\u0434\u043d\u043e\u0441\u0442, \u043a\u0430\u043e, \u043d\u0430 \u043f\u0440\u0438\u043c\u0435\u0440 \u043d\u0430 \u0411\u043b\u0438\u0441\u043a\u043e\u043c \u0438\u0441\u0442\u043e\u043a\u0443.<\/p>\n\n\n\n<p>&#8220;\u041d\u0438\u0458\u0435\u0434\u0430\u043d \u043e\u0437\u0431\u0438\u0459\u0430\u043d \u043d\u043e\u0432\u0438\u043d\u0430\u0440 \u043d\u0435 \u0431\u0438 \u043a\u043e\u0434 \u0438\u0437\u0432\u0435\u0448\u0442\u0430\u0432\u0430\u045a\u0430 \u043d\u0430 \u043f\u0440\u0438\u043c\u0435\u0440 \u043e \u043d\u0430\u043f\u0430\u0434\u0443 \u0438\u0437\u0440\u0430\u0435\u043b\u0441\u043a\u043e\u0433 \u0410\u0440\u0430\u043f\u0438\u043d\u0430 \u043d\u0430 \u0438\u0437\u0440\u0430\u0435\u043b\u0441\u043a\u0435 \u0408\u0435\u0432\u0440\u0435\u0458\u0435 \u043e\u0441\u0442\u0430\u0432\u0438\u043e \u043f\u043e \u0441\u0442\u0440\u0430\u043d\u0438 \u0435\u0442\u043d\u0438\u0447\u043a\u0443 \u043f\u0440\u0438\u043f\u0430\u0434\u043d\u043e\u0441\u0442. \u0417\u0430\u0448\u0442\u043e \u0441\u0435 \u0435\u0442\u043d\u0438\u0447\u043a\u0430 \u043f\u0440\u0438\u043f\u0430\u0434\u043d\u043e\u0441\u0442 \u0431\u0430\u0448 \u0441\u0430\u0434\u0430 \u0438\u0437\u043e\u0441\u0442\u0430\u0432\u0459\u0430, \u043a\u0430\u0434\u0430 \u0441\u0435 \u0440\u0430\u0434\u0438 \u043e \u0444\u0443\u043d\u0434\u0430\u043c\u0435\u043d\u0442\u0430\u043b\u043d\u043e\u043c \u0438\u0441\u043b\u0430\u043c\u0438\u0437\u043c\u0443? \u041e\u0432\u043e \u043d\u0438\u0458\u0435 \u043f\u0440\u0432\u0438 \u043f\u0443\u0442 \u0434\u0430 \u0441\u0435 &#8220;\u0441\u043b\u0443\u0447\u0430\u0458\u043d\u043e&#8221; \u0438\u0437\u043e\u0441\u0442\u0430\u0432\u0438 \u0435\u0442\u043d\u0438\u0447\u043a\u0430 \u043f\u0440\u0438\u043f\u0430\u0434\u043d\u043e\u0441\u0442. \u041a\u0430\u0434\u0430 \u0458\u0435 \u041c\u0435\u0432\u043b\u0438\u0434 \u0408\u0430\u0448\u0430\u0440\u0435\u0432\u0438\u045b, \u0411\u043e\u0448\u045a\u0430\u043a \u0438\u0437 \u0421\u0440\u0431\u0438\u0458\u0435, \u043f\u0440\u0435 2-3 \u0433\u043e\u0434\u0438\u043d\u0435 \u0443 \u0421\u0430\u0440\u0430\u0458\u0435\u0432\u0443 \u043f\u0443\u0446\u0430\u043e \u043d\u0430 \u0430\u043c\u0435\u0440\u0438\u0447\u043a\u0443 \u0430\u043c\u0431\u0430\u0441\u0430\u0434\u0443, \u043f\u043e\u0458\u0435\u0434\u0438\u043d\u0438 \u043c\u0435\u0434\u0438\u0458\u0438 \u0441\u0443 \u0442\u0432\u0440\u0434\u0438\u043b\u0438 \u0441\u0430 \u0458\u0435 \u043e\u043d \u0421\u0440\u0431\u0438\u043d&#8221;, \u043f\u043e\u0434\u0441\u0435\u045b\u0430 \u041f\u0440\u043e\u0441\u0432\u0458\u0435\u0442\u0430.<\/p>\n\n\n\n<p>\u041f\u0440\u043e\u0447\u0438\u0442\u0430\u0458\u0442\u0435 \u043f\u0438\u0441\u043c\u043e \u0443\u043f\u0443\u045b\u0435\u043d\u043e \u043c\u0435\u0434\u0438\u0458\u0441\u043a\u0438\u043c \u043a\u0443\u045b\u0430\u043c\u0430 \u043d\u0430 \u043d\u0435\u043c\u0430\u0447\u043a\u043e\u043c \u0458\u0435\u0437\u0438\u043a\u0443:<\/p>\n\n\n\n<p>An die Redaktion: ORF-ZIB, Der Standard, Die Presse, Heute, \u00d6sterreich, Krone-Zeitung Wien,<\/p>\n\n\n\n<p>1.12.2014<\/p>\n\n\n\n<p>Serben sind keine Dschihadisten!<\/p>\n\n\n\n<p>Sehr geehrte Damen und Herren, Bezugnehmend auf die Berichterstattung der letzten Tage \u00fcber die festgenommenen Dschihadisten ersuchen wir hiermit um die Richtigstellung der falschen Behauptung, dass der Hassprediger Mirsad O. Serbe sei. Hier sollte zwischen der Staatsangeh\u00f6rigkeit und der ethnischen Zugeh\u00f6rigkeit unterschieden werden.<\/p>\n\n\n\n<p>Hier eine exemplarische Liste der falschen Behauptungen:<\/p>\n\n\n\n<p>&nbsp;\u2022 \u201eHeute\u201c in der Printausgabe vom 1.12.2014, s. Anhang (1)<\/p>\n\n\n\n<p>\u2022 http:\/\/tvthek.orf.at\/program\/ZIB-2\/1211\/ZIB-2\/8853303<\/p>\n\n\n\n<p>\u2022 http:\/\/diepresse.com\/home\/panorama\/oesterreich\/4606718\/13-Festnahmen-bei-Grossrazzia-gegen-Islamisten?_vl_backlink=\/home\/index.do<\/p>\n\n\n\n<p>\u2022 http:\/\/derstandard.at\/2000008734264\/Oesterreichweite-Gross-Razzia-gegen-mutmassliche-Jihadisten<\/p>\n\n\n\n<p>Die Balkanberichterstattung der letzten 23 Jahre war \u2013 aus gutem Grund &#8211; immer mit einem Hinweis auf die ethnische Zugeh\u00f6rigkeit der Betroffenen versehen. So wurde bisher in allen F\u00e4llen, in denen die Serben die &#8220;B\u00f6sewichte&#8221; waren, ganz genau zwischen ihrer kroatischen oder bosnischen Staatsb\u00fcrgerschaft und ihrer ethnischen Herkunft unterschieden. Nie war die Rede von den Bosniern Ratko Mladic und Vojislav Seselj oder vom Montenegriner Radovan Karadzic.<\/p>\n\n\n\n<p>In der sachlichen Analyse vieler Weltgegenden macht es durchaus Sinn, auf die ethnische Zugeh\u00f6rigkeit der Betroffenen hinzuweisen, wie z.B. im Nahen Osten (Kurden, Jesiden, Arber, Juden, etc.). Kein seri\u00f6ser Journalist w\u00fcrde bei einem Anschlag eines israelischen Arabers auf israelische Juden die Ethnizit\u00e4t unerw\u00e4hnt lassen.<\/p>\n\n\n\n<p>Wieso l\u00e4sst man die ethnische Zugeh\u00f6rigkeit gerade jetzt, wo es um fundamentalen Islamismus geht, v\u00f6llig au\u00dfer Acht? Es ist bei weitem nicht das erste Mal, dass der Verweis auf die ethnische Zugeh\u00f6rigkeit \u201ezuf\u00e4llig\u201c unerw\u00e4hnt bleibt. Als Mevlid Jasarevic, ein Bosniake aus S\u00fcdserbien, vor ca. 2, 3 Jahren in Sarajevo auf die US-amerikanische Botschaft schoss, wurde auch in einigen Medien behauptet, es handle sich um einen Serben (2).<\/p>\n\n\n\n<p>Tatsache ist, dass die Muslime auf dem Gebiet des ehemaligen Jugoslawien sich als Bosniaken oder schlicht als Muslime definieren, keinesfalls als Serben, und dies sollte in die Berichterstattung und in die \u00d6ffentlichkeit flie\u00dfen.<\/p>\n\n\n\n<p>Die realit\u00e4tsverzerrende Berichterstattung, wonach der Dschihadist ein \u201eSerbe\u201c sei, kann kaum als journalistisch aufbereitete Information gesehen werden. Vielmehr ist sie manipulativ und best\u00e4rkt die Tendenzen einer Stigmatisierung, wonach die Serben sogar f\u00fcr den Islamismus herhalten (k\u00f6nnen oder sollen?).<\/p>\n\n\n\n<p>Im Sinne einer informierten \u00d6ffentlichkeit und des seri\u00f6sen Journalismus ersuchen wir Sie h\u00f6flichst, von der manipulativen Berichterstattung Abstand zu nehmen und entsprechende Richtigstellungen zu ver\u00f6ffentlichen.<\/p>\n\n\n\n<p>Mit freundlichen Gr\u00fc\u00dfen<\/p>\n\n\n\n<p>Serbischer Bildungs- und Kulturverein Prosvjeta \u00d6sterreich<br>Rennweg 22, 1030 Wien<br>office@prosvjeta.at<br>www.prosvjeta.at<br>ZVR: 847393557<\/p>\n\n\n\n<p>Referenzen:<br>(1) In der Online-Ausgabe hei\u00dft es (stand 1.12.2014 12:00 Uhr) \u201eserbischer Staatsb\u00fcrger\u201c<br>http:\/\/www.heute.at\/news\/oesterreich\/wien\/art23652,1101498<br>(2) Es geht aber auch anders &#8211; siehe:<br>&#8211; &#8220;F\u00fcr den Bosniaken aus dem serbischen Sandschak&#8221; (http:\/\/derstandard.at\/2000008774001\/Ebu-TejmaJihad-Prozesse-und-Videos-mit-Kuenstlernamen)<br>&#8211; &#8220;F\u00fcr manche Bosniaken, die in Serbien eine Minderheit darstellen&#8221; (http:\/\/derstandard.at\/2000008769852\/Jihadisten-Enge-Verbindungen-zwischen-Oesterreich-Serbien-und-Bosnien-Herzegowina)<\/p>\n\n\n\n<p>\u0421\u043b\u0443\u0436\u0431\u0430 \u0437\u0430 \u0438\u043d\u0444\u043e\u0440\u043c\u0438\u0441\u0430\u045a\u0435 \u041f\u0440\u043e\u0441\u0432\u0458\u0435\u0442\u0435, \u0411\u0435\u0447, 01.12.2014.<\/p>","protected":false},"excerpt":{"rendered":"<p>\u0421\u0440\u043f\u0441\u043a\u043e \u043f\u0440\u043e\u0441\u0432\u0458\u0435\u0442\u043d\u043e \u0438 \u043a\u0443\u043b\u0442\u0443\u0440\u043d\u043e \u0434\u0440\u0443\u0448\u0442\u0432\u043e &#8220;\u041f\u0440\u043e\u0441\u0432\u0458\u0435\u0442\u0430&#8221; \u0440\u0435\u0430\u0433\u043e\u0432\u0430\u043b\u043e \u0458\u0435 \u043d\u0430 \u043f\u0438\u0441\u0430\u045a\u0435 \u0430\u0443\u0441\u0442\u0440\u0438\u0458\u0441\u043a\u0438\u0445 \u043c\u0435\u0434\u0438\u0458\u0430 \u043f\u0440\u043e\u0442\u0435\u043a\u043b\u0438\u0445 \u0434\u0430\u043d\u0430 \u043f\u043e\u0432\u043e\u0434\u043e\u043c \u0445\u0430\u043f\u0448\u0435\u045a\u0430 \u045f\u0438\u0445\u0430\u0434\u0438\u0441\u0442\u0430 \u043a\u043e\u0458\u0438 \u0441\u0443 \u0442\u0432\u0440\u0434\u0438\u043b\u0438 \u0434\u0430 \u0458\u0435 \u041c\u0438\u0440\u0441\u0430\u0434 \u041e\u043c\u0435\u0440\u043e\u0432\u0438\u045b \u0421\u0440\u0431\u0438\u043d. \u0423 \u0434\u043e\u043f\u0438\u0441\u0443 \u0434\u043e\u0441\u0442\u0430\u0432\u0459\u0435\u043d\u043e\u043c \u0430\u0443\u0441\u0442\u0440\u0438\u0458\u0441\u043a\u0438\u043c \u043c\u0435\u0434\u0438\u0458\u0438\u043c\u0430 &#8220;\u041f\u0440\u043e\u0441\u0432\u0458\u0435\u0442\u0430&#8221; \u0458\u0435 \u0437\u0430\u0442\u0440\u0430\u0436\u0438\u043b\u0430 \u0437\u0430 \u0438\u0441\u043f\u0440\u0430\u0432\u043a\u0443 \u043f\u043e\u0433\u0440\u0435\u0448\u043d\u0435 \u0442\u0432\u0440\u0434\u045a\u0435 \u0434\u0430 \u0458\u0435 \u041c\u0438\u0440\u0441\u0430\u0434 \u041e\u043c\u0435\u0440\u043e\u0432\u0438\u045b \u0421\u0440\u0431\u0438\u043d. &#8220;\u041c\u043e\u043b\u0438\u043c\u043e \u0432\u0430\u0441 \u0437\u0430 \u0438\u0441\u043f\u0440\u0430\u0432\u043a\u0443 \u043f\u043e\u0433\u0440\u0435\u0448\u043d\u0435 \u0442\u0432\u0440\u0434\u045a\u0435 \u0434\u0430 \u0458\u0435 \u041c\u0438\u0440\u0441\u0430\u0434 \u0421\u0440\u0431\u0438\u043d. \u0422\u0440\u0435\u0431\u0430\u043b\u043e \u0431\u0438 \u0443&#8230;<\/p>","protected":false},"author":2,"featured_media":0,"comment_status":"closed","ping_status":"open","sticky":false,"template":"","format":"standard","meta":{"_acf_changed":false,"give_campaign_id":0,"pgc_sgb_lightbox_settings":"","footnotes":""},"categories":[371],"tags":[],"class_list":["post-15111","post","type-post","status-publish","format-standard","hentry","category-arhiva-2014","entry"],"acf":[],"cp_meta_data":{"_fgj2wp_old_id":["131"],"_edit_lock":["1731238212:1"],"_wp_old_date":["2015-05-29"],"_edit_last":["1"],"_yoast_wpseo_primary_category":["371"],"_yoast_wpseo_content_score":["60"],"_yoast_wpseo_estimated-reading-time-minutes":["3"],"_wp_page_template":["default"],"_yoast_indexnow_last_ping":["1731238212"],"_wp_old_slug":["srbi-iz-austrije-nismo-dzihadisti"],"_yoast_post_redirect_info":["a:4:{s:6:\"origin\";s:33:\"srbi-iz-austrije-nismo-dzihadisti\";s:6:\"target\";s:42:\"decembar-srbi-iz-austrije-nismo-dzihadisti\";s:4:\"type\";i:301;s:6:\"format\";s:5:\"plain\";}"],"_wpml_word_count":["1147"],"_elementor_page_assets":["a:0:{}"]},"yoast_head":"<!-- This site is optimized with the Yoast SEO Premium plugin v22.9 (Yoast SEO v25.8) - https:\/\/yoast.com\/wordpress\/plugins\/seo\/ -->\n<title>\u0414\u0435\u0446\u0435\u043c\u0431\u0430\u0440 - \u0421\u0440\u0431\u0438 \u0438\u0437 \u0410\u0443\u0441\u0442\u0440\u0438\u0458\u0435: \u041d\u0438\u0441\u043c\u043e \u045f\u0438\u0445\u0430\u0434\u0438\u0441\u0442\u0438! - \u041f\u0440\u043e\u0441\u0432\u0458\u0435\u0442\u0430 \u0410\u0443\u0441\u0442\u0440\u0438\u0458\u0430<\/title>\n<meta name=\"robots\" content=\"index, follow, max-snippet:-1, max-image-preview:large, max-video-preview:-1\" \/>\n<link rel=\"canonical\" href=\"https:\/\/prosvjeta.at\/de\/decembar-srbi-iz-austrije-nismo-dzihadisti\/\" \/>\n<meta property=\"og:locale\" content=\"de_DE\" \/>\n<meta property=\"og:type\" content=\"article\" \/>\n<meta property=\"og:title\" content=\"\u0414\u0435\u0446\u0435\u043c\u0431\u0430\u0440 - \u0421\u0440\u0431\u0438 \u0438\u0437 \u0410\u0443\u0441\u0442\u0440\u0438\u0458\u0435: \u041d\u0438\u0441\u043c\u043e \u045f\u0438\u0445\u0430\u0434\u0438\u0441\u0442\u0438! - \u041f\u0440\u043e\u0441\u0432\u0458\u0435\u0442\u0430 \u0410\u0443\u0441\u0442\u0440\u0438\u0458\u0430\" \/>\n<meta property=\"og:description\" content=\"\u0421\u0440\u043f\u0441\u043a\u043e \u043f\u0440\u043e\u0441\u0432\u0458\u0435\u0442\u043d\u043e \u0438 \u043a\u0443\u043b\u0442\u0443\u0440\u043d\u043e \u0434\u0440\u0443\u0448\u0442\u0432\u043e &#8220;\u041f\u0440\u043e\u0441\u0432\u0458\u0435\u0442\u0430&#8221; \u0440\u0435\u0430\u0433\u043e\u0432\u0430\u043b\u043e \u0458\u0435 \u043d\u0430 \u043f\u0438\u0441\u0430\u045a\u0435 \u0430\u0443\u0441\u0442\u0440\u0438\u0458\u0441\u043a\u0438\u0445 \u043c\u0435\u0434\u0438\u0458\u0430 \u043f\u0440\u043e\u0442\u0435\u043a\u043b\u0438\u0445 \u0434\u0430\u043d\u0430 \u043f\u043e\u0432\u043e\u0434\u043e\u043c \u0445\u0430\u043f\u0448\u0435\u045a\u0430 \u045f\u0438\u0445\u0430\u0434\u0438\u0441\u0442\u0430 \u043a\u043e\u0458\u0438 \u0441\u0443 \u0442\u0432\u0440\u0434\u0438\u043b\u0438 \u0434\u0430 \u0458\u0435 \u041c\u0438\u0440\u0441\u0430\u0434 \u041e\u043c\u0435\u0440\u043e\u0432\u0438\u045b \u0421\u0440\u0431\u0438\u043d. \u0423 \u0434\u043e\u043f\u0438\u0441\u0443 \u0434\u043e\u0441\u0442\u0430\u0432\u0459\u0435\u043d\u043e\u043c \u0430\u0443\u0441\u0442\u0440\u0438\u0458\u0441\u043a\u0438\u043c \u043c\u0435\u0434\u0438\u0458\u0438\u043c\u0430 &#8220;\u041f\u0440\u043e\u0441\u0432\u0458\u0435\u0442\u0430&#8221; \u0458\u0435 \u0437\u0430\u0442\u0440\u0430\u0436\u0438\u043b\u0430 \u0437\u0430 \u0438\u0441\u043f\u0440\u0430\u0432\u043a\u0443 \u043f\u043e\u0433\u0440\u0435\u0448\u043d\u0435 \u0442\u0432\u0440\u0434\u045a\u0435 \u0434\u0430 \u0458\u0435 \u041c\u0438\u0440\u0441\u0430\u0434 \u041e\u043c\u0435\u0440\u043e\u0432\u0438\u045b \u0421\u0440\u0431\u0438\u043d. &#8220;\u041c\u043e\u043b\u0438\u043c\u043e \u0432\u0430\u0441 \u0437\u0430 \u0438\u0441\u043f\u0440\u0430\u0432\u043a\u0443 \u043f\u043e\u0433\u0440\u0435\u0448\u043d\u0435 \u0442\u0432\u0440\u0434\u045a\u0435 \u0434\u0430 \u0458\u0435 \u041c\u0438\u0440\u0441\u0430\u0434 \u0421\u0440\u0431\u0438\u043d. \u0422\u0440\u0435\u0431\u0430\u043b\u043e \u0431\u0438 \u0443...\" \/>\n<meta property=\"og:url\" content=\"https:\/\/prosvjeta.at\/de\/decembar-srbi-iz-austrije-nismo-dzihadisti\/\" \/>\n<meta property=\"og:site_name\" content=\"\u041f\u0440\u043e\u0441\u0432\u0458\u0435\u0442\u0430 \u0410\u0443\u0441\u0442\u0440\u0438\u0458\u0430\" \/>\n<meta property=\"article:publisher\" content=\"https:\/\/www.facebook.com\/SPKD.Prosvjeta.Austrija\" \/>\n<meta property=\"article:published_time\" content=\"2014-12-01T20:05:00+00:00\" \/>\n<meta property=\"article:modified_time\" content=\"2024-11-10T11:30:11+00:00\" \/>\n<meta property=\"og:image\" content=\"https:\/\/prosvjeta.at\/wp-content\/uploads\/2021\/10\/sivi-logo.jpg\" \/>\n\t<meta property=\"og:image:width\" content=\"737\" \/>\n\t<meta property=\"og:image:height\" content=\"677\" \/>\n\t<meta property=\"og:image:type\" content=\"image\/jpeg\" \/>\n<meta name=\"author\" content=\"Srdjan\" \/>\n<meta name=\"twitter:card\" content=\"summary_large_image\" \/>\n<meta name=\"twitter:label1\" content=\"Verfasst von\" \/>\n\t<meta name=\"twitter:data1\" content=\"Srdjan\" \/>\n\t<meta name=\"twitter:label2\" content=\"Gesch\u00e4tzte Lesezeit\" \/>\n\t<meta name=\"twitter:data2\" content=\"3 Minuten\" \/>\n<script type=\"application\/ld+json\" class=\"yoast-schema-graph\">{\"@context\":\"https:\/\/schema.org\",\"@graph\":[{\"@type\":\"Article\",\"@id\":\"https:\/\/prosvjeta.at\/decembar-srbi-iz-austrije-nismo-dzihadisti\/#article\",\"isPartOf\":{\"@id\":\"https:\/\/prosvjeta.at\/decembar-srbi-iz-austrije-nismo-dzihadisti\/\"},\"author\":{\"name\":\"Srdjan\",\"@id\":\"https:\/\/prosvjeta.at\/#\/schema\/person\/d0cdbcf3b4c89fd42051508ffb71f273\"},\"headline\":\"\u0414\u0435\u0446\u0435\u043c\u0431\u0430\u0440 &#8211; \u0421\u0440\u0431\u0438 \u0438\u0437 \u0410\u0443\u0441\u0442\u0440\u0438\u0458\u0435: \u041d\u0438\u0441\u043c\u043e \u045f\u0438\u0445\u0430\u0434\u0438\u0441\u0442\u0438!\",\"datePublished\":\"2014-12-01T20:05:00+00:00\",\"dateModified\":\"2024-11-10T11:30:11+00:00\",\"mainEntityOfPage\":{\"@id\":\"https:\/\/prosvjeta.at\/decembar-srbi-iz-austrije-nismo-dzihadisti\/\"},\"wordCount\":699,\"publisher\":{\"@id\":\"https:\/\/prosvjeta.at\/#organization\"},\"articleSection\":[\"\u0410\u0440\u0445\u0438\u0432\u0430 \u0437\u0430 2014. \u0433\u043e\u0434\u0438\u043d\u0443\"],\"inLanguage\":\"de-AT\"},{\"@type\":\"WebPage\",\"@id\":\"https:\/\/prosvjeta.at\/decembar-srbi-iz-austrije-nismo-dzihadisti\/\",\"url\":\"https:\/\/prosvjeta.at\/decembar-srbi-iz-austrije-nismo-dzihadisti\/\",\"name\":\"\u0414\u0435\u0446\u0435\u043c\u0431\u0430\u0440 - \u0421\u0440\u0431\u0438 \u0438\u0437 \u0410\u0443\u0441\u0442\u0440\u0438\u0458\u0435: \u041d\u0438\u0441\u043c\u043e \u045f\u0438\u0445\u0430\u0434\u0438\u0441\u0442\u0438! - \u041f\u0440\u043e\u0441\u0432\u0458\u0435\u0442\u0430 \u0410\u0443\u0441\u0442\u0440\u0438\u0458\u0430\",\"isPartOf\":{\"@id\":\"https:\/\/prosvjeta.at\/#website\"},\"datePublished\":\"2014-12-01T20:05:00+00:00\",\"dateModified\":\"2024-11-10T11:30:11+00:00\",\"inLanguage\":\"de-AT\",\"potentialAction\":[{\"@type\":\"ReadAction\",\"target\":[\"https:\/\/prosvjeta.at\/decembar-srbi-iz-austrije-nismo-dzihadisti\/\"]}]},{\"@type\":\"WebSite\",\"@id\":\"https:\/\/prosvjeta.at\/#website\",\"url\":\"https:\/\/prosvjeta.at\/\",\"name\":\"\u041f\u0440\u043e\u0441\u0432\u0458\u0435\u0442\u0430 \u0410\u0443\u0441\u0442\u0440\u0438\u0458\u0430\",\"description\":\"\u0421\u0440\u043f\u0441\u043a\u043e \u041f\u0440\u043e\u0441\u0432\u0458\u0435\u0442\u043d\u043e \u0438 \u041a\u0443\u043b\u0442\u0443\u0440\u043d\u043e \u0414\u0440\u0443\u0448\u0442\u0432\u043e\",\"publisher\":{\"@id\":\"https:\/\/prosvjeta.at\/#organization\"},\"potentialAction\":[{\"@type\":\"SearchAction\",\"target\":{\"@type\":\"EntryPoint\",\"urlTemplate\":\"https:\/\/prosvjeta.at\/?s={search_term_string}\"},\"query-input\":{\"@type\":\"PropertyValueSpecification\",\"valueRequired\":true,\"valueName\":\"search_term_string\"}}],\"inLanguage\":\"de-AT\"},{\"@type\":\"Organization\",\"@id\":\"https:\/\/prosvjeta.at\/#organization\",\"name\":\"\u0421\u041f\u041a\u0414 \u041f\u0440\u043e\u0441\u0432\u0458\u0435\u0442\u0430 \u0410\u0443\u0441\u0442\u0440\u0438\u0458\u0430\",\"url\":\"https:\/\/prosvjeta.at\/\",\"logo\":{\"@type\":\"ImageObject\",\"inLanguage\":\"de-AT\",\"@id\":\"https:\/\/prosvjeta.at\/#\/schema\/logo\/image\/\",\"url\":\"https:\/\/prosvjeta.at\/wp-content\/uploads\/2021\/09\/favicon.png\",\"contentUrl\":\"https:\/\/prosvjeta.at\/wp-content\/uploads\/2021\/09\/favicon.png\",\"width\":512,\"height\":512,\"caption\":\"\u0421\u041f\u041a\u0414 \u041f\u0440\u043e\u0441\u0432\u0458\u0435\u0442\u0430 \u0410\u0443\u0441\u0442\u0440\u0438\u0458\u0430\"},\"image\":{\"@id\":\"https:\/\/prosvjeta.at\/#\/schema\/logo\/image\/\"},\"sameAs\":[\"https:\/\/www.facebook.com\/SPKD.Prosvjeta.Austrija\",\"https:\/\/www.youtube.com\/channel\/UC7nK3-X_nrsWRmXM_U_9-sg\"]},{\"@type\":\"Person\",\"@id\":\"https:\/\/prosvjeta.at\/#\/schema\/person\/d0cdbcf3b4c89fd42051508ffb71f273\",\"name\":\"Srdjan\",\"image\":{\"@type\":\"ImageObject\",\"inLanguage\":\"de-AT\",\"@id\":\"https:\/\/prosvjeta.at\/#\/schema\/person\/image\/\",\"url\":\"https:\/\/secure.gravatar.com\/avatar\/4d4387e28f0f0c202ffd6d56038ee69dc06de543233608d6e32d8b4ec3877e5d?s=96&d=mm&r=g\",\"contentUrl\":\"https:\/\/secure.gravatar.com\/avatar\/4d4387e28f0f0c202ffd6d56038ee69dc06de543233608d6e32d8b4ec3877e5d?s=96&d=mm&r=g\",\"caption\":\"Srdjan\"},\"url\":\"https:\/\/prosvjeta.at\/de\/author\/srdjan\/\"}]}<\/script>\n<!-- \/ Yoast SEO Premium plugin. -->","yoast_head_json":{"title":"\u0414\u0435\u0446\u0435\u043c\u0431\u0430\u0440 - \u0421\u0440\u0431\u0438 \u0438\u0437 \u0410\u0443\u0441\u0442\u0440\u0438\u0458\u0435: \u041d\u0438\u0441\u043c\u043e \u045f\u0438\u0445\u0430\u0434\u0438\u0441\u0442\u0438! - \u041f\u0440\u043e\u0441\u0432\u0458\u0435\u0442\u0430 \u0410\u0443\u0441\u0442\u0440\u0438\u0458\u0430","robots":{"index":"index","follow":"follow","max-snippet":"max-snippet:-1","max-image-preview":"max-image-preview:large","max-video-preview":"max-video-preview:-1"},"canonical":"https:\/\/prosvjeta.at\/de\/decembar-srbi-iz-austrije-nismo-dzihadisti\/","og_locale":"de_DE","og_type":"article","og_title":"\u0414\u0435\u0446\u0435\u043c\u0431\u0430\u0440 - \u0421\u0440\u0431\u0438 \u0438\u0437 \u0410\u0443\u0441\u0442\u0440\u0438\u0458\u0435: \u041d\u0438\u0441\u043c\u043e \u045f\u0438\u0445\u0430\u0434\u0438\u0441\u0442\u0438! - \u041f\u0440\u043e\u0441\u0432\u0458\u0435\u0442\u0430 \u0410\u0443\u0441\u0442\u0440\u0438\u0458\u0430","og_description":"\u0421\u0440\u043f\u0441\u043a\u043e \u043f\u0440\u043e\u0441\u0432\u0458\u0435\u0442\u043d\u043e \u0438 \u043a\u0443\u043b\u0442\u0443\u0440\u043d\u043e \u0434\u0440\u0443\u0448\u0442\u0432\u043e &#8220;\u041f\u0440\u043e\u0441\u0432\u0458\u0435\u0442\u0430&#8221; \u0440\u0435\u0430\u0433\u043e\u0432\u0430\u043b\u043e \u0458\u0435 \u043d\u0430 \u043f\u0438\u0441\u0430\u045a\u0435 \u0430\u0443\u0441\u0442\u0440\u0438\u0458\u0441\u043a\u0438\u0445 \u043c\u0435\u0434\u0438\u0458\u0430 \u043f\u0440\u043e\u0442\u0435\u043a\u043b\u0438\u0445 \u0434\u0430\u043d\u0430 \u043f\u043e\u0432\u043e\u0434\u043e\u043c \u0445\u0430\u043f\u0448\u0435\u045a\u0430 \u045f\u0438\u0445\u0430\u0434\u0438\u0441\u0442\u0430 \u043a\u043e\u0458\u0438 \u0441\u0443 \u0442\u0432\u0440\u0434\u0438\u043b\u0438 \u0434\u0430 \u0458\u0435 \u041c\u0438\u0440\u0441\u0430\u0434 \u041e\u043c\u0435\u0440\u043e\u0432\u0438\u045b \u0421\u0440\u0431\u0438\u043d. \u0423 \u0434\u043e\u043f\u0438\u0441\u0443 \u0434\u043e\u0441\u0442\u0430\u0432\u0459\u0435\u043d\u043e\u043c \u0430\u0443\u0441\u0442\u0440\u0438\u0458\u0441\u043a\u0438\u043c \u043c\u0435\u0434\u0438\u0458\u0438\u043c\u0430 &#8220;\u041f\u0440\u043e\u0441\u0432\u0458\u0435\u0442\u0430&#8221; \u0458\u0435 \u0437\u0430\u0442\u0440\u0430\u0436\u0438\u043b\u0430 \u0437\u0430 \u0438\u0441\u043f\u0440\u0430\u0432\u043a\u0443 \u043f\u043e\u0433\u0440\u0435\u0448\u043d\u0435 \u0442\u0432\u0440\u0434\u045a\u0435 \u0434\u0430 \u0458\u0435 \u041c\u0438\u0440\u0441\u0430\u0434 \u041e\u043c\u0435\u0440\u043e\u0432\u0438\u045b \u0421\u0440\u0431\u0438\u043d. &#8220;\u041c\u043e\u043b\u0438\u043c\u043e \u0432\u0430\u0441 \u0437\u0430 \u0438\u0441\u043f\u0440\u0430\u0432\u043a\u0443 \u043f\u043e\u0433\u0440\u0435\u0448\u043d\u0435 \u0442\u0432\u0440\u0434\u045a\u0435 \u0434\u0430 \u0458\u0435 \u041c\u0438\u0440\u0441\u0430\u0434 \u0421\u0440\u0431\u0438\u043d. \u0422\u0440\u0435\u0431\u0430\u043b\u043e \u0431\u0438 \u0443...","og_url":"https:\/\/prosvjeta.at\/de\/decembar-srbi-iz-austrije-nismo-dzihadisti\/","og_site_name":"\u041f\u0440\u043e\u0441\u0432\u0458\u0435\u0442\u0430 \u0410\u0443\u0441\u0442\u0440\u0438\u0458\u0430","article_publisher":"https:\/\/www.facebook.com\/SPKD.Prosvjeta.Austrija","article_published_time":"2014-12-01T20:05:00+00:00","article_modified_time":"2024-11-10T11:30:11+00:00","og_image":[{"width":737,"height":677,"url":"https:\/\/prosvjeta.at\/wp-content\/uploads\/2021\/10\/sivi-logo.jpg","type":"image\/jpeg"}],"author":"Srdjan","twitter_card":"summary_large_image","twitter_misc":{"Verfasst von":"Srdjan","Gesch\u00e4tzte Lesezeit":"3 Minuten"},"schema":{"@context":"https:\/\/schema.org","@graph":[{"@type":"Article","@id":"https:\/\/prosvjeta.at\/decembar-srbi-iz-austrije-nismo-dzihadisti\/#article","isPartOf":{"@id":"https:\/\/prosvjeta.at\/decembar-srbi-iz-austrije-nismo-dzihadisti\/"},"author":{"name":"Srdjan","@id":"https:\/\/prosvjeta.at\/#\/schema\/person\/d0cdbcf3b4c89fd42051508ffb71f273"},"headline":"\u0414\u0435\u0446\u0435\u043c\u0431\u0430\u0440 &#8211; \u0421\u0440\u0431\u0438 \u0438\u0437 \u0410\u0443\u0441\u0442\u0440\u0438\u0458\u0435: \u041d\u0438\u0441\u043c\u043e \u045f\u0438\u0445\u0430\u0434\u0438\u0441\u0442\u0438!","datePublished":"2014-12-01T20:05:00+00:00","dateModified":"2024-11-10T11:30:11+00:00","mainEntityOfPage":{"@id":"https:\/\/prosvjeta.at\/decembar-srbi-iz-austrije-nismo-dzihadisti\/"},"wordCount":699,"publisher":{"@id":"https:\/\/prosvjeta.at\/#organization"},"articleSection":["\u0410\u0440\u0445\u0438\u0432\u0430 \u0437\u0430 2014. \u0433\u043e\u0434\u0438\u043d\u0443"],"inLanguage":"de-AT"},{"@type":"WebPage","@id":"https:\/\/prosvjeta.at\/decembar-srbi-iz-austrije-nismo-dzihadisti\/","url":"https:\/\/prosvjeta.at\/decembar-srbi-iz-austrije-nismo-dzihadisti\/","name":"\u0414\u0435\u0446\u0435\u043c\u0431\u0430\u0440 - \u0421\u0440\u0431\u0438 \u0438\u0437 \u0410\u0443\u0441\u0442\u0440\u0438\u0458\u0435: \u041d\u0438\u0441\u043c\u043e \u045f\u0438\u0445\u0430\u0434\u0438\u0441\u0442\u0438! - \u041f\u0440\u043e\u0441\u0432\u0458\u0435\u0442\u0430 \u0410\u0443\u0441\u0442\u0440\u0438\u0458\u0430","isPartOf":{"@id":"https:\/\/prosvjeta.at\/#website"},"datePublished":"2014-12-01T20:05:00+00:00","dateModified":"2024-11-10T11:30:11+00:00","inLanguage":"de-AT","potentialAction":[{"@type":"ReadAction","target":["https:\/\/prosvjeta.at\/decembar-srbi-iz-austrije-nismo-dzihadisti\/"]}]},{"@type":"WebSite","@id":"https:\/\/prosvjeta.at\/#website","url":"https:\/\/prosvjeta.at\/","name":"Prosvjeta \u00d6sterreich","description":"\u0421\u0440\u043f\u0441\u043a\u043e \u041f\u0440\u043e\u0441\u0432\u0458\u0435\u0442\u043d\u043e \u0438 \u041a\u0443\u043b\u0442\u0443\u0440\u043d\u043e \u0414\u0440\u0443\u0448\u0442\u0432\u043e","publisher":{"@id":"https:\/\/prosvjeta.at\/#organization"},"potentialAction":[{"@type":"SearchAction","target":{"@type":"EntryPoint","urlTemplate":"https:\/\/prosvjeta.at\/?s={search_term_string}"},"query-input":{"@type":"PropertyValueSpecification","valueRequired":true,"valueName":"search_term_string"}}],"inLanguage":"de-AT"},{"@type":"Organization","@id":"https:\/\/prosvjeta.at\/#organization","name":"SBK Prosvjeta \u00d6sterreich","url":"https:\/\/prosvjeta.at\/","logo":{"@type":"ImageObject","inLanguage":"de-AT","@id":"https:\/\/prosvjeta.at\/#\/schema\/logo\/image\/","url":"https:\/\/prosvjeta.at\/wp-content\/uploads\/2021\/09\/favicon.png","contentUrl":"https:\/\/prosvjeta.at\/wp-content\/uploads\/2021\/09\/favicon.png","width":512,"height":512,"caption":"\u0421\u041f\u041a\u0414 \u041f\u0440\u043e\u0441\u0432\u0458\u0435\u0442\u0430 \u0410\u0443\u0441\u0442\u0440\u0438\u0458\u0430"},"image":{"@id":"https:\/\/prosvjeta.at\/#\/schema\/logo\/image\/"},"sameAs":["https:\/\/www.facebook.com\/SPKD.Prosvjeta.Austrija","https:\/\/www.youtube.com\/channel\/UC7nK3-X_nrsWRmXM_U_9-sg"]},{"@type":"Person","@id":"https:\/\/prosvjeta.at\/#\/schema\/person\/d0cdbcf3b4c89fd42051508ffb71f273","name":"Srdjan","image":{"@type":"ImageObject","inLanguage":"de-AT","@id":"https:\/\/prosvjeta.at\/#\/schema\/person\/image\/","url":"https:\/\/secure.gravatar.com\/avatar\/4d4387e28f0f0c202ffd6d56038ee69dc06de543233608d6e32d8b4ec3877e5d?s=96&d=mm&r=g","contentUrl":"https:\/\/secure.gravatar.com\/avatar\/4d4387e28f0f0c202ffd6d56038ee69dc06de543233608d6e32d8b4ec3877e5d?s=96&d=mm&r=g","caption":"Srdjan"},"url":"https:\/\/prosvjeta.at\/de\/author\/srdjan\/"}]}},"_links":{"self":[{"href":"https:\/\/prosvjeta.at\/de\/wp-json\/wp\/v2\/posts\/15111","targetHints":{"allow":["GET"]}}],"collection":[{"href":"https:\/\/prosvjeta.at\/de\/wp-json\/wp\/v2\/posts"}],"about":[{"href":"https:\/\/prosvjeta.at\/de\/wp-json\/wp\/v2\/types\/post"}],"author":[{"embeddable":true,"href":"https:\/\/prosvjeta.at\/de\/wp-json\/wp\/v2\/users\/2"}],"replies":[{"embeddable":true,"href":"https:\/\/prosvjeta.at\/de\/wp-json\/wp\/v2\/comments?post=15111"}],"version-history":[{"count":2,"href":"https:\/\/prosvjeta.at\/de\/wp-json\/wp\/v2\/posts\/15111\/revisions"}],"predecessor-version":[{"id":19022,"href":"https:\/\/prosvjeta.at\/de\/wp-json\/wp\/v2\/posts\/15111\/revisions\/19022"}],"wp:attachment":[{"href":"https:\/\/prosvjeta.at\/de\/wp-json\/wp\/v2\/media?parent=15111"}],"wp:term":[{"taxonomy":"category","embeddable":true,"href":"https:\/\/prosvjeta.at\/de\/wp-json\/wp\/v2\/categories?post=15111"},{"taxonomy":"post_tag","embeddable":true,"href":"https:\/\/prosvjeta.at\/de\/wp-json\/wp\/v2\/tags?post=15111"}],"curies":[{"name":"wp","href":"https:\/\/api.w.org\/{rel}","templated":true}]}}